{"id":161,"date":"2017-05-21T13:46:45","date_gmt":"2017-05-21T11:46:45","guid":{"rendered":"http:\/\/muzeumintermedii.sk\/?p=161"},"modified":"2022-01-29T13:49:27","modified_gmt":"2022-01-29T12:49:27","slug":"kunstvhale-1972-2014","status":"publish","type":"post","link":"https:\/\/muzeumintermedii.sk\/en\/kunstvhale-1972-2014\/","title":{"rendered":"Peter R\u00f3nai &#8211; KUNSTvHALE, 1972 &#8211; 2014, 1972 \u2013 2014"},"content":{"rendered":"<p><strong>Peter R\u00f3nai (*1953)<br \/>\n<\/strong><strong>KUNSTinHALLE, 1972 \u2013 2014<\/strong><\/p>\n<p>installation of a\u00a0number of pictures of smaller formats, variable dimensions<br \/>\nacquired by purchasing from the author in 2015 (grant of the Ministry of Culture of the Slovak Republic)<\/p>\n<p style=\"text-align: justify;\">The author&#8217;s way of thinking is characterized by intellectual approach and blending of philosophy and fine arts, often together with creating tautologies. Generally, it is not possible to provide a\u00a0formal, thematic, and semantic framework for his work; the author avoids any precise anchoring (description, interpretation) by relativizing, situating himself in a\u00a0borderline position, and resisting conventions (exhibition, curatorial, or those present in the practice of art history).<\/p>\n<p style=\"text-align: justify;\">To a\u00a0certain extent, <em>KUNSTinHALLE<\/em> is a\u00a0time-lapse project presented as the author&#8217;s archive, but not just in the sense of presentation of works or artefacts related to their origin. Approximately one hundred pictures of smaller format reveal the typical trait or R\u00f3nai\u00b4s work \u2013 the penetration of his artistic and individual trajectories into the history of art in terms of the disappearance of art in everyday life. Thus, the format of the presentation defies the author&#8217;s perception of the traditional model of writing the history of art. Through the perspective of each particular picture (but also the compound whole) and regardless of their chronological order, however, the piece serves as a\u00a0significant memory trace of his work.<\/p>\n<p><div id='gallery-2' class='gallery galleryid-161 gallery-columns-3 gallery-size-medium'><figure class='gallery-item'>\n\t\t\t<div class='gallery-icon landscape'>\n\t\t\t\t<a href='https:\/\/muzeumintermedii.sk\/wp-content\/uploads\/2017\/05\/Koller_Ondak.jpg'><img loading=\"lazy\" decoding=\"async\" width=\"300\" height=\"300\" src=\"https:\/\/muzeumintermedii.sk\/wp-content\/uploads\/2017\/05\/Koller_Ondak-300x300.jpg\" class=\"attachment-medium size-medium\" alt=\"\" srcset=\"https:\/\/muzeumintermedii.sk\/wp-content\/uploads\/2017\/05\/Koller_Ondak-300x300.jpg 300w, https:\/\/muzeumintermedii.sk\/wp-content\/uploads\/2017\/05\/Koller_Ondak-150x150.jpg 150w, https:\/\/muzeumintermedii.sk\/wp-content\/uploads\/2017\/05\/Koller_Ondak-1024x1024.jpg 1024w\" sizes=\"auto, (max-width: 300px) 100vw, 300px\" \/><\/a>\n\t\t\t<\/div><\/figure><figure class='gallery-item'>\n\t\t\t<div class='gallery-icon portrait'>\n\t\t\t\t<a href='https:\/\/muzeumintermedii.sk\/wp-content\/uploads\/2017\/05\/Ondak2a.jpg'><img loading=\"lazy\" decoding=\"async\" width=\"300\" height=\"300\" src=\"https:\/\/muzeumintermedii.sk\/wp-content\/uploads\/2017\/05\/Ondak2a-300x300.jpg\" class=\"attachment-medium size-medium\" alt=\"\" srcset=\"https:\/\/muzeumintermedii.sk\/wp-content\/uploads\/2017\/05\/Ondak2a-300x300.jpg 300w, https:\/\/muzeumintermedii.sk\/wp-content\/uploads\/2017\/05\/Ondak2a-150x150.jpg 150w\" sizes=\"auto, (max-width: 300px) 100vw, 300px\" \/><\/a>\n\t\t\t<\/div><\/figure><figure class='gallery-item'>\n\t\t\t<div class='gallery-icon portrait'>\n\t\t\t\t<a href='https:\/\/muzeumintermedii.sk\/wp-content\/uploads\/2017\/05\/Ondak2.jpg'><img loading=\"lazy\" decoding=\"async\" width=\"300\" height=\"300\" src=\"https:\/\/muzeumintermedii.sk\/wp-content\/uploads\/2017\/05\/Ondak2-300x300.jpg\" class=\"attachment-medium size-medium\" alt=\"\" srcset=\"https:\/\/muzeumintermedii.sk\/wp-content\/uploads\/2017\/05\/Ondak2-300x300.jpg 300w, https:\/\/muzeumintermedii.sk\/wp-content\/uploads\/2017\/05\/Ondak2-150x150.jpg 150w\" sizes=\"auto, (max-width: 300px) 100vw, 300px\" \/><\/a>\n\t\t\t<\/div><\/figure>\n\t\t<\/div>\n<\/p>","protected":false},"excerpt":{"rendered":"<p>Peter R\u00f3nai (*1953) KUNSTinHALLE, 1972 \u2013 2014 installation of a\u00a0number of pictures of smaller formats, variable dimensions acquired by purchasing from the author in 2015 (grant of the Ministry of&#8230; <span class=\"more-link\"><a href=\"https:\/\/muzeumintermedii.sk\/en\/kunstvhale-1972-2014\/\">\u010c\u00edta\u0165 viac<\/a><\/span><\/p>\n","protected":false},"author":1,"featured_media":225,"comment_status":"closed","ping_status":"closed","sticky":false,"template":"","format":"standard","meta":{"footnotes":""},"categories":[2],"tags":[],"class_list":["post-161","post","type-post","status-publish","format-standard","has-post-thumbnail","hentry","category-prve-muzeum-intermedii-ii"],"_links":{"self":[{"href":"https:\/\/muzeumintermedii.sk\/en\/wp-json\/wp\/v2\/posts\/161","targetHints":{"allow":["GET"]}}],"collection":[{"href":"https:\/\/muzeumintermedii.sk\/en\/wp-json\/wp\/v2\/posts"}],"about":[{"href":"https:\/\/muzeumintermedii.sk\/en\/wp-json\/wp\/v2\/types\/post"}],"author":[{"embeddable":true,"href":"https:\/\/muzeumintermedii.sk\/en\/wp-json\/wp\/v2\/users\/1"}],"replies":[{"embeddable":true,"href":"https:\/\/muzeumintermedii.sk\/en\/wp-json\/wp\/v2\/comments?post=161"}],"version-history":[{"count":9,"href":"https:\/\/muzeumintermedii.sk\/en\/wp-json\/wp\/v2\/posts\/161\/revisions"}],"predecessor-version":[{"id":741,"href":"https:\/\/muzeumintermedii.sk\/en\/wp-json\/wp\/v2\/posts\/161\/revisions\/741"}],"wp:featuredmedia":[{"embeddable":true,"href":"https:\/\/muzeumintermedii.sk\/en\/wp-json\/wp\/v2\/media\/225"}],"wp:attachment":[{"href":"https:\/\/muzeumintermedii.sk\/en\/wp-json\/wp\/v2\/media?parent=161"}],"wp:term":[{"taxonomy":"category","embeddable":true,"href":"https:\/\/muzeumintermedii.sk\/en\/wp-json\/wp\/v2\/categories?post=161"},{"taxonomy":"post_tag","embeddable":true,"href":"https:\/\/muzeumintermedii.sk\/en\/wp-json\/wp\/v2\/tags?post=161"}],"curies":[{"name":"wp","href":"https:\/\/api.w.org\/{rel}","templated":true}]}}