{"id":138,"date":"2017-05-21T13:04:16","date_gmt":"2017-05-21T11:04:16","guid":{"rendered":"http:\/\/muzeumintermedii.sk\/?p=138"},"modified":"2022-01-29T13:44:10","modified_gmt":"2022-01-29T12:44:10","slug":"bez-nazvu-1996","status":"publish","type":"post","link":"https:\/\/muzeumintermedii.sk\/en\/bez-nazvu-1996\/","title":{"rendered":"Denisa Lehock\u00e1 &#8211; Untitled, 1996"},"content":{"rendered":"<p><strong>Denisa Lehock\u00e1 (*1971)<br \/>\n<\/strong><strong>Untitled, 1996<\/strong><\/p>\n<p>installation, variable dimensions<br \/>\nacquired by purchasing from the author in 1996<\/p>\n<p style=\"text-align: justify;\">The installation was created for the exhibition space of the Museum of Art \u017dilina within the curatorial project\u00a0Paradigm Woman\u00a0in 1996. It was the first project that responded to the distinctive emergence of female artists\u00a0who worked within the intents\u00a0of postfeminism, aiming to highlight the different nuances of its expressive means.<\/p>\n<p style=\"text-align: justify;\">The language of the author, who primarily creates installations and objects, defines the principle of abstraction, emphasizing the semantics of the words she chooses. The theme of her works in the nineties revolved around everyday private situations that Lehock\u00e1 embodied in the form of visual diaries. This principle is also the basis of the presented installation <em>Untitled<\/em>. The laminated drawings depicting the intimacy of a\u00a0couple are complemented by authentic and artificial objects that refer to the corporeality of the protagonists in different situations, capturing their relationship. The intimacy of privacy is highlighted even further by the use flesh and pink tones along with terrycloth fabric.<\/p>\n<p><div id='gallery-2' class='gallery galleryid-138 gallery-columns-3 gallery-size-medium'><figure class='gallery-item'>\n\t\t\t<div class='gallery-icon portrait'>\n\t\t\t\t<a href='https:\/\/muzeumintermedii.sk\/wp-content\/uploads\/2017\/05\/2-5938.jpg'><img loading=\"lazy\" decoding=\"async\" width=\"300\" height=\"300\" src=\"https:\/\/muzeumintermedii.sk\/wp-content\/uploads\/2017\/05\/2-5938-300x300.jpg\" class=\"attachment-medium size-medium\" alt=\"\" srcset=\"https:\/\/muzeumintermedii.sk\/wp-content\/uploads\/2017\/05\/2-5938-300x300.jpg 300w, https:\/\/muzeumintermedii.sk\/wp-content\/uploads\/2017\/05\/2-5938-150x150.jpg 150w\" sizes=\"auto, (max-width: 300px) 100vw, 300px\" \/><\/a>\n\t\t\t<\/div><\/figure><figure class='gallery-item'>\n\t\t\t<div class='gallery-icon landscape'>\n\t\t\t\t<a href='https:\/\/muzeumintermedii.sk\/wp-content\/uploads\/2017\/05\/DSC_0055.jpg'><img loading=\"lazy\" decoding=\"async\" width=\"300\" height=\"300\" src=\"https:\/\/muzeumintermedii.sk\/wp-content\/uploads\/2017\/05\/DSC_0055-300x300.jpg\" class=\"attachment-medium size-medium\" alt=\"\" srcset=\"https:\/\/muzeumintermedii.sk\/wp-content\/uploads\/2017\/05\/DSC_0055-300x300.jpg 300w, https:\/\/muzeumintermedii.sk\/wp-content\/uploads\/2017\/05\/DSC_0055-150x150.jpg 150w, https:\/\/muzeumintermedii.sk\/wp-content\/uploads\/2017\/05\/DSC_0055-1024x1024.jpg 1024w\" sizes=\"auto, (max-width: 300px) 100vw, 300px\" \/><\/a>\n\t\t\t<\/div><\/figure><figure class='gallery-item'>\n\t\t\t<div class='gallery-icon landscape'>\n\t\t\t\t<a href='https:\/\/muzeumintermedii.sk\/wp-content\/uploads\/2017\/05\/DSC_0073.jpg'><img loading=\"lazy\" decoding=\"async\" width=\"300\" height=\"300\" src=\"https:\/\/muzeumintermedii.sk\/wp-content\/uploads\/2017\/05\/DSC_0073-300x300.jpg\" class=\"attachment-medium size-medium\" alt=\"\" srcset=\"https:\/\/muzeumintermedii.sk\/wp-content\/uploads\/2017\/05\/DSC_0073-300x300.jpg 300w, https:\/\/muzeumintermedii.sk\/wp-content\/uploads\/2017\/05\/DSC_0073-150x150.jpg 150w, https:\/\/muzeumintermedii.sk\/wp-content\/uploads\/2017\/05\/DSC_0073-1024x1024.jpg 1024w\" sizes=\"auto, (max-width: 300px) 100vw, 300px\" \/><\/a>\n\t\t\t<\/div><\/figure>\n\t\t<\/div>\n<\/p>","protected":false},"excerpt":{"rendered":"<p>Denisa Lehock\u00e1 (*1971) Untitled, 1996 installation, variable dimensions acquired by purchasing from the author in 1996 The installation was created for the exhibition space of the Museum of Art \u017dilina&#8230; <span class=\"more-link\"><a href=\"https:\/\/muzeumintermedii.sk\/en\/bez-nazvu-1996\/\">\u010c\u00edta\u0165 viac<\/a><\/span><\/p>\n","protected":false},"author":1,"featured_media":261,"comment_status":"closed","ping_status":"closed","sticky":false,"template":"","format":"standard","meta":{"footnotes":""},"categories":[1],"tags":[],"class_list":["post-138","post","type-post","status-publish","format-standard","has-post-thumbnail","hentry","category-prve-muzeum-intermedii-i"],"_links":{"self":[{"href":"https:\/\/muzeumintermedii.sk\/en\/wp-json\/wp\/v2\/posts\/138","targetHints":{"allow":["GET"]}}],"collection":[{"href":"https:\/\/muzeumintermedii.sk\/en\/wp-json\/wp\/v2\/posts"}],"about":[{"href":"https:\/\/muzeumintermedii.sk\/en\/wp-json\/wp\/v2\/types\/post"}],"author":[{"embeddable":true,"href":"https:\/\/muzeumintermedii.sk\/en\/wp-json\/wp\/v2\/users\/1"}],"replies":[{"embeddable":true,"href":"https:\/\/muzeumintermedii.sk\/en\/wp-json\/wp\/v2\/comments?post=138"}],"version-history":[{"count":8,"href":"https:\/\/muzeumintermedii.sk\/en\/wp-json\/wp\/v2\/posts\/138\/revisions"}],"predecessor-version":[{"id":732,"href":"https:\/\/muzeumintermedii.sk\/en\/wp-json\/wp\/v2\/posts\/138\/revisions\/732"}],"wp:featuredmedia":[{"embeddable":true,"href":"https:\/\/muzeumintermedii.sk\/en\/wp-json\/wp\/v2\/media\/261"}],"wp:attachment":[{"href":"https:\/\/muzeumintermedii.sk\/en\/wp-json\/wp\/v2\/media?parent=138"}],"wp:term":[{"taxonomy":"category","embeddable":true,"href":"https:\/\/muzeumintermedii.sk\/en\/wp-json\/wp\/v2\/categories?post=138"},{"taxonomy":"post_tag","embeddable":true,"href":"https:\/\/muzeumintermedii.sk\/en\/wp-json\/wp\/v2\/tags?post=138"}],"curies":[{"name":"wp","href":"https:\/\/api.w.org\/{rel}","templated":true}]}}